{"id":173,"date":"2018-01-18T05:19:51","date_gmt":"2018-01-18T05:19:51","guid":{"rendered":"http:\/\/manopeluda.com.mx\/?p=173"},"modified":"2018-01-18T05:19:51","modified_gmt":"2018-01-18T05:19:51","slug":"la-monja-pelicula-2018","status":"publish","type":"post","link":"https:\/\/manopeluda.com.mx\/index.php\/2018\/01\/18\/la-monja-pelicula-2018\/","title":{"rendered":"La Monja: Pel\u00edcula 2018"},"content":{"rendered":"<p>Despu\u00e9s de &#8216;Anabelle&#8217; en 2014, La monja es el nuevo spin-off de la saga &#8216;Expediente Warren&#8217; que se centrar\u00e1 en la figura demoniaca de la religiosa que acosa a Lorraine Warren en &#8216;Expediente Warren: El caso Enfield&#8217;. A\u00fan se desconoce la sinopsis oficial de la cinta. El director brit\u00e1nico Corin Hardy, conocido por su trabajo en &#8216;The Hallow&#8217; o &#8216;Butterfly&#8217;, se ocupar\u00e1 de la direcci\u00f3n de la pel\u00edcula de terror, cuyo estreno est\u00e1 previsto para mediados del a\u00f1o que viene. El largometraje ser\u00e1 producido por James Wan, que dirigi\u00f3 dos de las anteriores entregas de la saga, y Peter Safran. El guion correr\u00e1 a cargo de Wan y Gary Dauberman, tambi\u00e9n guionista de la primera y la segunda entrega de &#8216;Anabelle&#8217;.<\/p>\n<p><!--more--><\/p>\n<h2>Damian Bichir en el elenco<\/h2>\n<p>Seg\u00fan The Hollywood Reporter, <b>Bichir interpretar\u00e1 a un sacerdote ordenado por Roma para investigar la muerte de una monja en la nueva cinta de terror de <\/b>Corin Hardy, &#8216;La monja&#8217;. La pel\u00edcula estar\u00e1 basada en el personaje de la aterradora monja demoniaca de &#8216;El conjuro 2&#8217;.<\/p>\n<p>James Wan, director de &#8216;El conjuro&#8217; y su secuela, se encargar\u00e1 de la producci\u00f3n del spin-off. La monja en cuesti\u00f3n no aparec\u00eda originalmente en el guion de &#8216;El conjuro 2&#8217;, pero su inclusi\u00f3n a \u00faltima hora ayud\u00f3 a <b>convertir a la franquicia de terror en la tercera con m\u00e1s recaudaci\u00f3n de la historia.<\/b> El rodaje\u00a0se realiz\u00f3 en Ruman\u00eda en el verano pasado y su estreno est\u00e1 previsto para el 13 de julio de 2018.<\/p>\n<h2>Sinopsis<\/h2>\n<p>Cuando una joven monja se quita la vida en una abad\u00eda de clausura en Ruman\u00eda, el Padre Burke (Demi\u00e1n Bichir), un sacerdote con un pasado vinculado a los encantamientos, es enviado a investigar por el Vaticano. Arriesgando no solo su propia vida sino tambi\u00e9n su fe y hasta su alma, el sacerdote se enfrentar\u00e1 a una fuerza mal\u00e9fica, la entidad demon\u00edaca Valak con la forma de la misma monja que anteriormente ya horroriz\u00f3 a la audiencia en <i>Expediente Warren: El Caso Enfield<\/i> (2016).<\/p>\n<p>Este nuevo spin-off de la franquicia <i>Expediente Warren<\/i> centrado en la entidad demon\u00edaca Valak que aparec\u00eda en la pel\u00edcula original, cuenta con gui\u00f3n de James Wan (<i>Expediente Warren: The Conjuring, Insidious<\/i>) y de Gary Dauberman, guionista del otro &#8216;spin off&#8217; de la saga, <i>Annabelle<\/i> (2014), y su secuela <i>Annabelle: Creation<\/i> (2017). La pel\u00edcula la dirige Corin Hardy, responsable de filmes de g\u00e9nero como <i>The Hallow<\/i> (2015). Protagonizan la pel\u00edcula Demian Bichir (<i>Alien: Covenant, Los odiosos ocho<\/i>), Taissa Farmiga (<i>La excepci\u00f3n a la regla, American Horror Story<\/i>), Charlotte Hope (<i>Aliados, Un reino unido<\/i>), Jonas Bloquet (<i>Valerian y la ciudad de los mil planetas, Elle<\/i>), Ingrid Bisu (<i>Toni Erdmann, Dracula: The Dark Prince<\/i>) y Bonnie Aarons (<i>The Fighter, Arr\u00e1strame al infierno<\/i>) como la mal\u00e9fica monja.<\/p>\n<p>As\u00ed que atentos mis queridos cin\u00e9filos amantes del terror que gozan con hacer temblar a su coraz\u00f3n, quiz\u00e1s con la esperanza de que resista un d\u00eda m\u00e1s &#8230;<\/p>\n<p>Con informaci\u00f3n de sensacine.com y ecartelera.com.mx<\/p>\n","protected":false},"excerpt":{"rendered":"<p>Despu\u00e9s de &#8216;Anabelle&#8217; en 2014, La monja es el nuevo spin-off de la saga &#8216;Expediente&#8230;<\/p>\n","protected":false},"author":1,"featured_media":174,"comment_status":"closed","ping_status":"closed","sticky":false,"template":"","format":"standard","meta":{"footnotes":""},"categories":[20,2],"tags":[21,51,7,26],"_links":{"self":[{"href":"https:\/\/manopeluda.com.mx\/index.php\/wp-json\/wp\/v2\/posts\/173"}],"collection":[{"href":"https:\/\/manopeluda.com.mx\/index.php\/wp-json\/wp\/v2\/posts"}],"about":[{"href":"https:\/\/manopeluda.com.mx\/index.php\/wp-json\/wp\/v2\/types\/post"}],"author":[{"embeddable":true,"href":"https:\/\/manopeluda.com.mx\/index.php\/wp-json\/wp\/v2\/users\/1"}],"replies":[{"embeddable":true,"href":"https:\/\/manopeluda.com.mx\/index.php\/wp-json\/wp\/v2\/comments?post=173"}],"version-history":[{"count":2,"href":"https:\/\/manopeluda.com.mx\/index.php\/wp-json\/wp\/v2\/posts\/173\/revisions"}],"predecessor-version":[{"id":176,"href":"https:\/\/manopeluda.com.mx\/index.php\/wp-json\/wp\/v2\/posts\/173\/revisions\/176"}],"wp:featuredmedia":[{"embeddable":true,"href":"https:\/\/manopeluda.com.mx\/index.php\/wp-json\/wp\/v2\/media\/174"}],"wp:attachment":[{"href":"https:\/\/manopeluda.com.mx\/index.php\/wp-json\/wp\/v2\/media?parent=173"}],"wp:term":[{"taxonomy":"category","embeddable":true,"href":"https:\/\/manopeluda.com.mx\/index.php\/wp-json\/wp\/v2\/categories?post=173"},{"taxonomy":"post_tag","embeddable":true,"href":"https:\/\/manopeluda.com.mx\/index.php\/wp-json\/wp\/v2\/tags?post=173"}],"curies":[{"name":"wp","href":"https:\/\/api.w.org\/{rel}","templated":true}]}}