{"id":189,"date":"2018-01-19T06:45:39","date_gmt":"2018-01-19T06:45:39","guid":{"rendered":"http:\/\/manopeluda.com.mx\/?p=189"},"modified":"2018-01-26T07:45:23","modified_gmt":"2018-01-26T07:45:23","slug":"el-estrangulador-de-tacuba","status":"publish","type":"post","link":"https:\/\/manopeluda.com.mx\/index.php\/2018\/01\/19\/el-estrangulador-de-tacuba\/","title":{"rendered":"El estrangulador de Tacuba"},"content":{"rendered":"<p>Las investigaciones arrojaron que El estrangulador de Tacuba hab\u00eda matado a cuatro mujeres, entre ellas a Graciela, su novia. Las enterr\u00f3 al lado de su laboratorio. Pas\u00f3 34 a\u00f1os preso en Lecumberri y en el Reclusorio Oriente, de donde sali\u00f3 el 8 de septiembre de 1976, con indulto del entonces presidente Luis Echeverr\u00eda. Se convirti\u00f3 en un s\u00edmbolo de reinserci\u00f3n social. Sus homicidios, parad\u00f3jicamente, quedaron en el olvido. A\u00fan as\u00ed en el imaginario colectivo, el<b> <\/b><i><b>Estrangulador de Tacuba<\/b> <\/i>dej\u00f3 una huella indeleble.<\/p>\n<p><!--more--><\/p>\n<h2>La historia<\/h2>\n<p>Gregorio C\u00e1rdenas Hern\u00e1ndez naci\u00f3 en la Ciudad de M\u00e9xico en 1915. Solamente quince d\u00edas dur\u00f3 su carrera criminal, pero eso le bast\u00f3 para entrar en los anales de la Historia como el asesino serial m\u00e1s popular de M\u00e9xico: el estrangulador de Tacuba. De ni\u00f1o, Goyo sostuvo una relaci\u00f3n enfermiza con su madre, Vicenta Hern\u00e1ndez, una mujer dominante que lo reprimi\u00f3 hasta su adolescencia.<\/p>\n<p>A pesar de ello, el alt\u00edsimo coeficiente intelectual de Goyo hizo que fuese un estudiante destacado. La encefalitis que de ni\u00f1o padeci\u00f3 caus\u00f3, sin embargo, un da\u00f1o neurol\u00f3gico irreversible; a ra\u00edz de su enfermedad, Goyo padeci\u00f3 de eneuresis y empez\u00f3 a dar muestras de crueldad hacia los animales: se ensa\u00f1aba t<\/p>\n<figure id=\"attachment_191\" aria-describedby=\"caption-attachment-191\" style=\"width: 185px\" class=\"wp-caption alignright\"><img loading=\"lazy\" decoding=\"async\" class=\"size-medium wp-image-191\" src=\"http:\/\/manopeluda.com.mx\/wp-content\/uploads\/2018\/01\/gregoriocardenas-185x300.jpg\" alt=\"Gregorio Cardenas\" width=\"185\" height=\"300\" srcset=\"https:\/\/manopeluda.com.mx\/wp-content\/uploads\/2018\/01\/gregoriocardenas-185x300.jpg 185w, https:\/\/manopeluda.com.mx\/wp-content\/uploads\/2018\/01\/gregoriocardenas.jpg 246w\" sizes=\"(max-width: 185px) 100vw, 185px\" \/><figcaption id=\"caption-attachment-191\" class=\"wp-caption-text\">Gregorio Cardenas<\/figcaption><\/figure>\n<p>orturando pollitos y conejos. Se cas\u00f3 con Sabina Lara Gonz\u00e1lez, de quien se divorci\u00f3 poco despu\u00e9s.<\/p>\n<p>El multihomicida naci\u00f3 en la ciudad de M\u00e9xico en 1915. El da\u00f1o neurol\u00f3gico que le provoc\u00f3 una encefalitis temprana fue factor decisivo para que mostrara un comportamiento anormal desde ni\u00f1o, especialmente crueldad hacia los animales. Aunado a ello, C\u00e1rdenas ten\u00eda dificultad para controlar su esf\u00ednter.<\/p>\n<p>Pese a estas condiciones, demostr\u00f3 tener un alto coeficiente intelectual y fue un alumno destacado desde su educaci\u00f3n b\u00e1sica.<\/p>\n<p>A los 27 a\u00f1os se encontraba realizando estudios de Qu\u00edmica y, debido a su alto desempe\u00f1o estudiantil, obtuvo una beca de PEMEX para continuar con su formaci\u00f3n acad\u00e9mica y colaborar con la empresa paraestatal.<\/p>\n<p>Tiempo despu\u00e9s se independiz\u00f3 de su madre y rent\u00f3 una casa en la ciudad de M\u00e9xico, lugar donde posteriormente ser\u00edan enterrados y descubiertos los cuerpos de sus v\u00edctimas.<\/p>\n<h2>Los Asesinatos<\/h2>\n<p>El 15 de agosto de 1942 mat\u00f3 en su casa a una prostituta de 16 a\u00f1os llamada Mar\u00eda de los \u00c1ngeles Gonz\u00e1lez. Despu\u00e9s de sostener relaciones sexuales con ella, la estrangul\u00f3 con un cord\u00f3n y enterr\u00f3 su cuerpo en el jard\u00edn.<\/p>\n<p>En los d\u00edas siguientes asesin\u00f3 a dos prostitutas menores m\u00e1s. Una de ellas fue inicialmente identificada y sepultada como Raquel Gonz\u00e1lez Le\u00f3n, de 14 a\u00f1os, hasta que meses despu\u00e9s apareci\u00f3 viva, desconoci\u00e9ndose actualmente la identidad de la verdadera v\u00edctima. Debido a la fuerte impresi\u00f3n por la noticia de la falsa muerte, la hermana de Gonz\u00e1lez Le\u00f3n falleci\u00f3 a causa de un infarto.<\/p>\n<p>La tercera prostitua asesinada, de nombre Rosa Reyes Quiroz, se neg\u00f3 a acostarse con \u00e9l e intent\u00f3 resistir al ataque, sucumbiendo finalmente ante el criminal.<\/p>\n<p>Tiempo despu\u00e9s, C\u00e1rdenas asesin\u00f3 a Graciela Arias \u00c1valos, de 21 a\u00f1os, hija de un reconocido abogado penalista mexicano. Debido al rechazo amoroso de Graciela y a una bofetada que le propin\u00f3 por intentar besarla a la fuerza, el homicida la golpe\u00f3 hasta la muerte en su autom\u00f3vil, enterr\u00e1ndola posteriormente en su jard\u00edn junto al resto de las v\u00edctimas.<\/p>\n<p>El 13 de septiembre, se le dict\u00f3 auto de formal prisi\u00f3n, y fue recluido en el Palacio Negro de Lecumberri, en el pabell\u00f3n para enfermos mentales. Sin embargo, sus abogados consiguieron que Goyo fuera trasladado al Manicomio General de La Casta\u00f1eda, supuestamente para recibir tratamiento. All\u00ed le dieron electrochoques y le inyectaron pentotal s\u00f3dico para determinar si realmente estaba loco o s\u00f3lo fing\u00eda.<\/p>\n<p>Inexplicablemente, de pronto Goyo obtuvo m\u00faltiples comodidades: empez\u00f3 a asistir a las clases de Psiquiatr\u00eda que ofrec\u00eda el director del manicomio, entraba a la biblioteca sin problemas, recib\u00eda visitas familiares e incluso se iba al cine con algunas amigas.<\/p>\n<p>Muri\u00f3 en los Angeles el 2 de agosto de 1999 y por supuesto, ya est\u00e1 lista la pel\u00edcula:<\/p>\n<h2 style=\"text-align: center;\">La Pel\u00edcula<\/h2>\n<p><iframe loading=\"lazy\" src=\"https:\/\/www.youtube.com\/embed\/0Tf5EHacbOE\" width=\"560\" height=\"315\" frameborder=\"0\" allowfullscreen=\"allowfullscreen\"><\/iframe><\/p>\n<p>&nbsp;<\/p>\n<p><em>El estrangulador de Tacuba fue un personaje que sacudi\u00f3 a la sociedad mexicana en plena Segunda Guerra Mundial por matar al menos a cuatro mujeres menores de edad, Goyo C\u00e1rdenas (1915-1999).<\/em><\/p>\n<p><em>\u00abEl estrangulador de Tacuba\u201d, es recreado por Gabino Rodr\u00edguez en la nueva pel\u00edcula de Jos\u00e9 Buil: Los cr\u00edmenes de Mar del Norte, coproducida por su compa\u00f1era, Maryse Sistach y que se estren\u00f3 el pasado viernes 24 de noviembre de 2017. Sof\u00eda Espinosa act\u00faa el papel de Graciela Arias \u00c1valos, novia preparatoriana del asesino serial.<\/em><\/p>\n<p>&nbsp;<\/p>\n<p>Con informaci\u00f3n de https:\/\/es.wikipedia.org\/wiki\/Gregorio_C%C3%A1rdenas_Hern%C3%A1ndez, Revista proceso, el financiero<\/p>\n","protected":false},"excerpt":{"rendered":"<p>Las investigaciones arrojaron que El estrangulador de Tacuba hab\u00eda matado a cuatro mujeres, entre ellas&#8230;<\/p>\n","protected":false},"author":1,"featured_media":193,"comment_status":"open","ping_status":"closed","sticky":false,"template":"","format":"standard","meta":{"footnotes":""},"categories":[1],"tags":[58,61,57,3,37,59,17],"_links":{"self":[{"href":"https:\/\/manopeluda.com.mx\/index.php\/wp-json\/wp\/v2\/posts\/189"}],"collection":[{"href":"https:\/\/manopeluda.com.mx\/index.php\/wp-json\/wp\/v2\/posts"}],"about":[{"href":"https:\/\/manopeluda.com.mx\/index.php\/wp-json\/wp\/v2\/types\/post"}],"author":[{"embeddable":true,"href":"https:\/\/manopeluda.com.mx\/index.php\/wp-json\/wp\/v2\/users\/1"}],"replies":[{"embeddable":true,"href":"https:\/\/manopeluda.com.mx\/index.php\/wp-json\/wp\/v2\/comments?post=189"}],"version-history":[{"count":2,"href":"https:\/\/manopeluda.com.mx\/index.php\/wp-json\/wp\/v2\/posts\/189\/revisions"}],"predecessor-version":[{"id":194,"href":"https:\/\/manopeluda.com.mx\/index.php\/wp-json\/wp\/v2\/posts\/189\/revisions\/194"}],"wp:featuredmedia":[{"embeddable":true,"href":"https:\/\/manopeluda.com.mx\/index.php\/wp-json\/wp\/v2\/media\/193"}],"wp:attachment":[{"href":"https:\/\/manopeluda.com.mx\/index.php\/wp-json\/wp\/v2\/media?parent=189"}],"wp:term":[{"taxonomy":"category","embeddable":true,"href":"https:\/\/manopeluda.com.mx\/index.php\/wp-json\/wp\/v2\/categories?post=189"},{"taxonomy":"post_tag","embeddable":true,"href":"https:\/\/manopeluda.com.mx\/index.php\/wp-json\/wp\/v2\/tags?post=189"}],"curies":[{"name":"wp","href":"https:\/\/api.w.org\/{rel}","templated":true}]}}